{"id":6166,"global_id":"fundacioncajaruraldelsur.com\/pt?id=6166","global_id_lineage":["fundacioncajaruraldelsur.com\/pt?id=6166"],"author":"8","status":"publish","date":"2021-02-08 21:46:08","date_utc":"2021-02-08 19:46:08","modified":"2021-04-14 17:56:35","modified_utc":"2021-04-14 15:56:35","url":"https:\/\/fundacioncajaruraldelsur.com\/pt\/evento\/exposicion-de-fotografia-invitados-a-las-caras-de-huelva\/","rest_url":"https:\/\/fundacioncajaruraldelsur.com\/pt\/wp-json\/tribe\/events\/v1\/events\/6166","title":"Exposici\u00f3n de fotograf\u00eda: &#8216;Invitados a Las Caras de Huelva&#8217;","description":"<p>El pr\u00f3ximo mes de abril inauguramos la exposici\u00f3n &#8216;Invitados a Las Caras de Huelva&#8217;, basada en el programa semanal de Huelva Televisi\u00f3n \u00abLas Caras de Huelva\u00bb, cuyo Director es Diego Lopa Garrocho.\u00a0Est\u00e1 promovida por la <strong>Asociaci\u00f3n Andariego Huelva<\/strong>, <strong>Diego Lopa<\/strong>\u00a0 y\u00a0<strong>Francisco Javier Gil Salguero<\/strong> como fot\u00f3grafo.<\/p>\n<p>La idea nace como un homenaje y reconocimiento a las personas que durante m\u00e1s de 11 a\u00f1os han visitado el programa y han recordado con fotograf\u00edas antiguas de esa Huelva pasada con sus experiencias y conocimientos, presentando ahora con fotograf\u00edas los retratos de una muestra de dichos asistentes.<\/p>\n<p>&nbsp;<\/p>\n<h3><b>Asociaci\u00f3n Andariego<\/b><\/h3>\n<p>Sus\u00a0socios son Jubilados, Pensionistas y Retirados de Huelva.<\/p>\n<p>Los objetivos de la Asociaci\u00f3n son muy variados y adaptados\u00a0al perfil de edad y situaci\u00f3n de sus socios, destacando actividades art\u00edsticas\u00a0(coro, pintura y teatro), ben\u00e9ficas\u00a0y asistenciales (colaboraci\u00f3n con asociaciones de discapacitados) talleres, cursos formativos, excursiones tanto recreativas como culturales, senderos, viajes, charlas y atenci\u00f3n personal.<\/p>\n<h3><b>Francisco Javier Gil Salguero<\/b><\/h3>\n<p>Aunque mi vida profesional se ha desarrollado en Banca en distintas entidades , desde muy joven heredo la afici\u00f3n de mi padre por la fotograf\u00eda , primero en eventos familiares y despu\u00e9s experimentando y desarrollando las m\u00faltiples disciplinas que abarca est\u00e1 expresi\u00f3n art\u00edstica. He participado en m\u00faltiples cursos y talleres, Asociaciones Fotogr\u00e1ficas, concursos, exposiciones colectivas etc.<\/p>\n<p><a href=\"\/wp-content\/uploads\/2021\/02\/5-OK.-diptico-216-x-306-2-copia.jpg\" rel=\"lightbox-0\"><img loading=\"lazy\" decoding=\"async\" class=\"aligncenter wp-image-6314 size-large\" src=\"\/wp-content\/uploads\/2021\/02\/5-OK.-diptico-216-x-306-2-copia-1024x724.jpg\" alt=\"\" width=\"960\" height=\"679\" srcset=\"https:\/\/fundacioncajaruraldelsur.com\/wp-content\/uploads\/2021\/02\/5-OK.-diptico-216-x-306-2-copia-1024x724.jpg 1024w, https:\/\/fundacioncajaruraldelsur.com\/wp-content\/uploads\/2021\/02\/5-OK.-diptico-216-x-306-2-copia-300x212.jpg 300w, https:\/\/fundacioncajaruraldelsur.com\/wp-content\/uploads\/2021\/02\/5-OK.-diptico-216-x-306-2-copia-768x543.jpg 768w, https:\/\/fundacioncajaruraldelsur.com\/wp-content\/uploads\/2021\/02\/5-OK.-diptico-216-x-306-2-copia.jpg 1170w\" sizes=\"auto, (max-width: 960px) 100vw, 960px\" \/><\/a> <a href=\"\/wp-content\/uploads\/2021\/02\/6-OK.-diptico-interior-216-x-306-copia.jpg\" rel=\"lightbox-1\"><img loading=\"lazy\" decoding=\"async\" class=\"aligncenter wp-image-6315 size-large\" src=\"\/wp-content\/uploads\/2021\/02\/6-OK.-diptico-interior-216-x-306-copia-1024x724.jpg\" alt=\"\" width=\"960\" height=\"679\" srcset=\"https:\/\/fundacioncajaruraldelsur.com\/wp-content\/uploads\/2021\/02\/6-OK.-diptico-interior-216-x-306-copia-1024x724.jpg 1024w, https:\/\/fundacioncajaruraldelsur.com\/wp-content\/uploads\/2021\/02\/6-OK.-diptico-interior-216-x-306-copia-300x212.jpg 300w, https:\/\/fundacioncajaruraldelsur.com\/wp-content\/uploads\/2021\/02\/6-OK.-diptico-interior-216-x-306-copia-768x543.jpg 768w, https:\/\/fundacioncajaruraldelsur.com\/wp-content\/uploads\/2021\/02\/6-OK.-diptico-interior-216-x-306-copia.jpg 1053w\" sizes=\"auto, (max-width: 960px) 100vw, 960px\" \/><\/a><\/p>\n<h3>Diego Lopa Garrocho<\/h3>\n<p>Diego Lopa nace en Huelva y en ella ha desarrollado toda su actividad vital dedicado profesionalmente a la ense\u00f1anza, la radio y la banca.<\/p>\n<p>En el campo de la comunicaci\u00f3n, despu\u00e9s de haber pasado por Radio Juventud de Huelva y de C\u00e1diz as\u00ed como por Uniradio, presenta actualmente en HUELVA TV por und\u00e9cima temporada, el programa LAS CARAS DE HUELVA y donde tambi\u00e9n ha tenido durante dos a\u00f1os el programa de entrevistas \u00daLTIMO CAF\u00c9. Es tertuliano y colaborador habitual en los medios de comunicaci\u00f3n locales, en 2020 ha mantenido en Radio Huelva (SER) la colaboraci\u00f3n semanal \u201cHISTORIA DE LAS CALLES DE HUELVA\u201d<\/p>\n<p>En 2009 la Universidad de Huelva le publica su primer libro LAS CARAS DE HUELVA un gran \u00e9xito editorial del que recientemente sali\u00f3 su 7\u00ba edici\u00f3n. Siempre interesado en las historias de Huelva ha publicado de la mano de la propia Universidad LAS CARAS OCULTAS DE HUELVA EN LA II GUERRA MUNDIAL (WILLIAN MARTIN, EL HOMBRE QUE NUNCA EXISTI\u00d3). El libro que marcha por la 3\u00aa edici\u00f3n, se present\u00f3 en el programa CUARTO MILENIO de la mano de Iker Jim\u00e9nez. Igualmente ha salido a las librer\u00edas su tercer libro MIS SUE\u00d1OS EN 39 COLORES. Ha participado en numerosas antolog\u00edas y publicaciones colectivas. Prologuista y presentador de publicaciones.<\/p>\n<p>Entre otras ha pronunciado por 2 veces la exaltaci\u00f3n a las fiestas de San Sebasti\u00e1n, tambi\u00e9n la Semblanza del 39 para las Hermandades del Roc\u00edo, la Esperanza y la Victoria, ha presentado las de la Virgen del Valle y la Saeta de la Hermandad del Calvario. Ha pronunciado el Preg\u00f3n a San Sebasti\u00e1n en el Gran Teatro y el de la Vel\u00e1 de Santa Ana en la Escuela de Arte Le\u00f3n Ortega. Ha desarrollado numerosas conferencias en distintos organismos y entidades sobre temas onubenses.<\/p>\n<p>En 2010 fue distinguido por el Ayuntamiento de Huelva con el PREMIO AL ONUBENSISMO y en 2011 fue elegido como ONUBENSE DEL A\u00d1O por votaci\u00f3n popular de los lectores del diario Huelva Informaci\u00f3n. Finalista en el COL\u00d3N DIGITAL, apartado \u201cAmor a Huelva\u201d en 2020 y 2021. En 2019 nominado al Premio LU\u00cdS FELIPE a la cultura.<\/p>","excerpt":"","slug":"exposicion-de-fotografia-invitados-a-las-caras-de-huelva","image":{"url":"https:\/\/fundacioncajaruraldelsur.com\/wp-content\/uploads\/2019\/01\/Exposicion_Fotografia.jpg","id":4287,"extension":"jpg","width":1919,"height":500,"sizes":{"thumbnail":{"width":150,"height":150,"mime-type":"image\/jpeg","url":"https:\/\/fundacioncajaruraldelsur.com\/wp-content\/uploads\/2019\/01\/Exposicion_Fotografia-150x150.jpg"},"medium":{"width":300,"height":78,"mime-type":"image\/jpeg","url":"https:\/\/fundacioncajaruraldelsur.com\/wp-content\/uploads\/2019\/01\/Exposicion_Fotografia-300x78.jpg"},"medium_large":{"width":768,"height":200,"mime-type":"image\/jpeg","url":"https:\/\/fundacioncajaruraldelsur.com\/wp-content\/uploads\/2019\/01\/Exposicion_Fotografia-768x200.jpg"},"large":{"width":1024,"height":267,"mime-type":"image\/jpeg","url":"https:\/\/fundacioncajaruraldelsur.com\/wp-content\/uploads\/2019\/01\/Exposicion_Fotografia-1024x267.jpg"},"blog-thumbnail":{"width":400,"height":200,"mime-type":"image\/jpeg","url":"https:\/\/fundacioncajaruraldelsur.com\/wp-content\/uploads\/2019\/01\/Exposicion_Fotografia-400x200.jpg"}}},"all_day":false,"start_date":"2021-04-21 11:30:00","start_date_details":{"year":"2021","month":"04","day":"21","hour":"11","minutes":"30","seconds":"00"},"end_date":"2021-05-03 21:00:00","end_date_details":{"year":"2021","month":"05","day":"03","hour":"21","minutes":"00","seconds":"00"},"utc_start_date":"2021-04-21 08:30:00","utc_start_date_details":{"year":"2021","month":"04","day":"21","hour":"08","minutes":"30","seconds":"00"},"utc_end_date":"2021-05-03 18:00:00","utc_end_date_details":{"year":"2021","month":"05","day":"03","hour":"18","minutes":"00","seconds":"00"},"timezone":"UTC+2","timezone_abbr":"UTC+2","cost":"","cost_details":{"currency_symbol":"","currency_code":"","currency_position":"prefix","values":[]},"website":"","show_map":true,"show_map_link":true,"hide_from_listings":false,"sticky":false,"featured":false,"categories":[{"name":"Exposici\u00f3n","slug":"exposicion","term_group":0,"term_taxonomy_id":71,"taxonomy":"tribe_events_cat","description":"","parent":0,"count":76,"filter":"raw","id":71,"urls":{"self":"https:\/\/fundacioncajaruraldelsur.com\/pt\/wp-json\/tribe\/events\/v1\/categories\/71","collection":"https:\/\/fundacioncajaruraldelsur.com\/pt\/wp-json\/tribe\/events\/v1\/categories"}}],"tags":[{"name":"Asociaci\u00f3n Andariego","slug":"asociacion-andariego","term_group":0,"term_taxonomy_id":735,"taxonomy":"post_tag","description":"","parent":0,"count":1,"filter":"raw","id":735,"urls":{"self":"https:\/\/fundacioncajaruraldelsur.com\/pt\/wp-json\/tribe\/events\/v1\/tags\/735","collection":"https:\/\/fundacioncajaruraldelsur.com\/pt\/wp-json\/tribe\/events\/v1\/tags"}},{"name":"Diego Lopa","slug":"diego-lopa","term_group":0,"term_taxonomy_id":736,"taxonomy":"post_tag","description":"","parent":0,"count":1,"filter":"raw","id":736,"urls":{"self":"https:\/\/fundacioncajaruraldelsur.com\/pt\/wp-json\/tribe\/events\/v1\/tags\/736","collection":"https:\/\/fundacioncajaruraldelsur.com\/pt\/wp-json\/tribe\/events\/v1\/tags"}},{"name":"Francisco Javier Gil Salguero","slug":"francisco-javier-gil-salguero","term_group":0,"term_taxonomy_id":737,"taxonomy":"post_tag","description":"","parent":0,"count":1,"filter":"raw","id":737,"urls":{"self":"https:\/\/fundacioncajaruraldelsur.com\/pt\/wp-json\/tribe\/events\/v1\/tags\/737","collection":"https:\/\/fundacioncajaruraldelsur.com\/pt\/wp-json\/tribe\/events\/v1\/tags"}},{"name":"Huelva","slug":"huelva","term_group":0,"term_taxonomy_id":168,"taxonomy":"post_tag","description":"","parent":0,"count":40,"filter":"raw","id":168,"urls":{"self":"https:\/\/fundacioncajaruraldelsur.com\/pt\/wp-json\/tribe\/events\/v1\/tags\/168","collection":"https:\/\/fundacioncajaruraldelsur.com\/pt\/wp-json\/tribe\/events\/v1\/tags"}}],"venue":{"id":2629,"author":"4","status":"publish","date":"2015-05-15 09:39:09","date_utc":"2015-05-15 07:39:09","modified":"2022-09-23 12:28:27","modified_utc":"2022-09-23 10:28:27","url":"https:\/\/fundacioncajaruraldelsur.com\/pt\/local\/fundacion-caja-rural-del-sur-en-huelva\/","venue":"Fundaci\u00f3n Caja Rural del Sur Huelva","slug":"fundacion-caja-rural-del-sur-en-huelva","address":"C\/ Alcalde Mora Claros 6-8","city":"Huelva","country":"Espa\u00f1a","province":"Huelva","zip":"21001","stateprovince":"Huelva","geo_lat":37.2583599,"geo_lng":-6.9535303,"json_ld":{"@type":"Place","name":"Fundaci\u00f3n Caja Rural del Sur Huelva","description":"","url":"https:\/\/fundacioncajaruraldelsur.com\/pt\/local\/fundacion-caja-rural-del-sur-en-huelva\/","address":{"@type":"PostalAddress","streetAddress":"C\/ Alcalde Mora Claros 6-8","addressLocality":"Huelva","addressRegion":"Huelva","postalCode":"21001","addressCountry":"Espa\u00f1a"},"geo":{"@type":"GeoCoordinates","latitude":37.2583599,"longitude":-6.9535303},"telephone":"","sameAs":""},"show_map":false,"show_map_link":true,"global_id":"fundacioncajaruraldelsur.com\/pt?id=2629","global_id_lineage":["fundacioncajaruraldelsur.com\/pt?id=2629"]},"organizer":[],"custom_fields":[],"json_ld":{"@context":"http:\/\/schema.org","@type":"Event","name":"Exposici\u00f3n de fotograf\u00eda: &#8216;Invitados a Las Caras de Huelva&#8217;","description":"&lt;p&gt;El pr\u00f3ximo mes de abril inauguramos la exposici\u00f3n \\'Invitados a Las Caras de Huelva\\', basada en el programa semanal de Huelva Televisi\u00f3n &quot;Las Caras de Huelva&quot;, cuyo Director es Diego [&hellip;]&lt;\/p&gt;\\n","image":"https:\/\/fundacioncajaruraldelsur.com\/wp-content\/uploads\/2019\/01\/Exposicion_Fotografia.jpg","url":"https:\/\/fundacioncajaruraldelsur.com\/pt\/evento\/exposicion-de-fotografia-invitados-a-las-caras-de-huelva\/","eventAttendanceMode":"https:\/\/schema.org\/OfflineEventAttendanceMode","eventStatus":"https:\/\/schema.org\/EventScheduled","startDate":"2021-04-21T11:30:00+02:00","endDate":"2021-05-03T21:00:00+02:00","location":{"@type":"Place","name":"Fundaci\u00f3n Caja Rural del Sur Huelva","description":"","url":"https:\/\/fundacioncajaruraldelsur.com\/pt\/local\/fundacion-caja-rural-del-sur-en-huelva\/","address":{"@type":"PostalAddress","streetAddress":"C\/ Alcalde Mora Claros 6-8","addressLocality":"Huelva","addressRegion":"Huelva","postalCode":"21001","addressCountry":"Espa\u00f1a"},"geo":{"@type":"GeoCoordinates","latitude":37.2583599,"longitude":-6.9535303},"telephone":"","sameAs":""},"performer":"Organization"},"is_virtual":false,"virtual_url":null,"virtual_video_source":""}