{"id":4885,"global_id":"fundacioncajaruraldelsur.com\/pt?id=4885","global_id_lineage":["fundacioncajaruraldelsur.com\/pt?id=4885"],"author":"8","status":"publish","date":"2019-06-12 18:02:24","date_utc":"2019-06-12 16:02:24","modified":"2019-06-12 18:02:24","modified_utc":"2019-06-12 16:02:24","url":"https:\/\/fundacioncajaruraldelsur.com\/pt\/evento\/exposicion-donar-para-emprender-vida\/","rest_url":"https:\/\/fundacioncajaruraldelsur.com\/pt\/wp-json\/tribe\/events\/v1\/events\/4885","title":"Exposici\u00f3n: &#8216;Donar para emprender vida&#8217;","description":"<p>El pr\u00f3ximo lunes 17 de junio inauguramos la magn\u00edfica exposici\u00f3n fotogr\u00e1fica <strong>Donar para emprender vida<\/strong> en nuestro Centro Cultural Jos\u00e9 Luis Garc\u00eda Palacios a las 19:30 horas.<\/p>\n<p>El acto de inauguraci\u00f3n ir\u00e1 de la mano de <strong>Jos\u00e9 Luis Garcia-Palacios,<\/strong> <strong>Jos\u00e9 Luis Bonilla Romero<\/strong>, gerente Hospital U. Juan Ram\u00f3n Jim\u00e9nez, y <strong>Julia Paloma Hergueta S\u00e1nchez<\/strong>, gerente Hospital Infanta Elena.<\/p>\n<p>A continuaci\u00f3n, se ofrecer\u00e1 una conferencia a cargo de la coordinadora de Trasplantes del <a class=\"profileLink\" href=\"https:\/\/www.facebook.com\/hujuanramonjimenez\/?__tn__=K-R&amp;eid=ARBaxIb6S6-l10ssiaDaKlI9KB1KSZYvgn1WQVyx__OUnLDjckiAS51OVxBU9FXQSabYbCj-0QZCBFH8&amp;fref=mentions&amp;__xts__%5B0%5D=68.ARA4VR_lkQej2u859tw9DCcIW7pjATRhfADiIYwPhDd0X442d2__ruhAyFsVc556gwZCmTRsQA0Rm1rfMSRMozefDNjWQoPolHpdwQT7ijdZNb8N4I7t9fykNjC6IO8vhAoTcZlep5eByjfrF_GH4uiIaKURiuruIZLDv2OtCJsbunaBimUIw6GnMo8ADaLmOYYL-HUT8DgcwVGbd6uD0YpaxXwHJ1XDXPZwOD8QZ7vLckEVkY3brKJHDnXrOOY99yVwLYyEINed6Ul1G-kPosiiy0DLanz3Cuz1t23XeOS9SvoExlcQ5SAAacpmDOGLFk0V\" data-hovercard=\"\/ajax\/hovercard\/page.php?id=376394489428238&amp;extragetparams=%7B%22__tn__%22%3A%22%2CdK-R-R%22%2C%22eid%22%3A%22ARBaxIb6S6-l10ssiaDaKlI9KB1KSZYvgn1WQVyx__OUnLDjckiAS51OVxBU9FXQSabYbCj-0QZCBFH8%22%2C%22fref%22%3A%22mentions%22%7D&amp;av=116154132425047&amp;eav=AfYiazdtydFAryro7_duiYT9hzhpuG0JneGCXsxcimv3w0D-EYyBhCDbVwY7XvSyQz8\" data-hovercard-prefer-more-content-show=\"1\">HU Juan Ram\u00f3n Jim\u00e9nez<\/a>, Francisca Isabel Cabeza, bajo el t\u00edtulo <strong>&#8216;Donaci\u00f3n de \u00d3rganos y tejidos: fuente de vida y esperanza&#8217;.<\/strong><\/p>\n<p>Adem\u00e1s, contaremos con la experiencia personal de Manuela Rey M\u00e1rquez, con la intervenci\u00f3n del autor de la exposici\u00f3n Francisco Fern\u00e1ndez G\u00f3mez.<\/p>\n<p>Como broche de oro, Emilio Ponce, Director de la Fundaci\u00f3n Caja Rural del Sur protagonizar\u00e1 el acto de clausura.<\/p>\n<p>Una iniciativa que se desarrolla en colaboraci\u00f3n con el <a class=\"profileLink\" href=\"https:\/\/www.facebook.com\/hujuanramonjimenez\/?__tn__=K-R&amp;eid=ARDn9wKRAR2VSE1aCxOF54_XE6eYWLCGLG3SHRMbbkhOB7-EakhSDOAAL9PNJFEyPSnVu8K5ckFqNNxx&amp;fref=mentions&amp;__xts__%5B0%5D=68.ARA4VR_lkQej2u859tw9DCcIW7pjATRhfADiIYwPhDd0X442d2__ruhAyFsVc556gwZCmTRsQA0Rm1rfMSRMozefDNjWQoPolHpdwQT7ijdZNb8N4I7t9fykNjC6IO8vhAoTcZlep5eByjfrF_GH4uiIaKURiuruIZLDv2OtCJsbunaBimUIw6GnMo8ADaLmOYYL-HUT8DgcwVGbd6uD0YpaxXwHJ1XDXPZwOD8QZ7vLckEVkY3brKJHDnXrOOY99yVwLYyEINed6Ul1G-kPosiiy0DLanz3Cuz1t23XeOS9SvoExlcQ5SAAacpmDOGLFk0V\" data-hovercard=\"\/ajax\/hovercard\/page.php?id=376394489428238&amp;extragetparams=%7B%22__tn__%22%3A%22%2CdK-R-R%22%2C%22eid%22%3A%22ARDn9wKRAR2VSE1aCxOF54_XE6eYWLCGLG3SHRMbbkhOB7-EakhSDOAAL9PNJFEyPSnVu8K5ckFqNNxx%22%2C%22fref%22%3A%22mentions%22%7D&amp;av=116154132425047&amp;eav=AfYeahmX6hdSVYWEEh1HYDUOkR8dU0wuHGZaBUDZLwR5hdUbSCVki9mNPN9GkMBkI4s\" data-hovercard-prefer-more-content-show=\"1\">HU Juan Ram\u00f3n Jim\u00e9nez<\/a>, la Coordinadora de Trasplantes Huelva-Sevilla y la Federaci\u00f3n Onubenses de Empresarios, entre otras entidades.<\/p>","excerpt":"","slug":"exposicion-donar-para-emprender-vida","image":{"url":"https:\/\/fundacioncajaruraldelsur.com\/wp-content\/uploads\/2019\/06\/Donar_organos.jpg","id":4886,"extension":"jpg","width":1920,"height":500,"sizes":{"thumbnail":{"width":150,"height":150,"mime-type":"image\/jpeg","url":"https:\/\/fundacioncajaruraldelsur.com\/wp-content\/uploads\/2019\/06\/Donar_organos-150x150.jpg"},"medium":{"width":300,"height":78,"mime-type":"image\/jpeg","url":"https:\/\/fundacioncajaruraldelsur.com\/wp-content\/uploads\/2019\/06\/Donar_organos-300x78.jpg"},"medium_large":{"width":768,"height":200,"mime-type":"image\/jpeg","url":"https:\/\/fundacioncajaruraldelsur.com\/wp-content\/uploads\/2019\/06\/Donar_organos-768x200.jpg"},"large":{"width":1024,"height":267,"mime-type":"image\/jpeg","url":"https:\/\/fundacioncajaruraldelsur.com\/wp-content\/uploads\/2019\/06\/Donar_organos-1024x267.jpg"},"blog-thumbnail":{"width":400,"height":200,"mime-type":"image\/jpeg","url":"https:\/\/fundacioncajaruraldelsur.com\/wp-content\/uploads\/2019\/06\/Donar_organos-400x200.jpg"}}},"all_day":false,"start_date":"2019-06-17 19:30:00","start_date_details":{"year":"2019","month":"06","day":"17","hour":"19","minutes":"30","seconds":"00"},"end_date":"2019-06-17 19:30:00","end_date_details":{"year":"2019","month":"06","day":"17","hour":"19","minutes":"30","seconds":"00"},"utc_start_date":"2019-06-17 16:30:00","utc_start_date_details":{"year":"2019","month":"06","day":"17","hour":"16","minutes":"30","seconds":"00"},"utc_end_date":"2019-06-17 16:30:00","utc_end_date_details":{"year":"2019","month":"06","day":"17","hour":"16","minutes":"30","seconds":"00"},"timezone":"UTC+2","timezone_abbr":"UTC+2","cost":"","cost_details":{"currency_symbol":"","currency_code":"","currency_position":"prefix","values":[]},"website":"","show_map":true,"show_map_link":true,"hide_from_listings":false,"sticky":false,"featured":false,"categories":[{"name":"conferencias","slug":"conferencias","term_group":0,"term_taxonomy_id":59,"taxonomy":"tribe_events_cat","description":"","parent":0,"count":129,"filter":"raw","id":59,"urls":{"self":"https:\/\/fundacioncajaruraldelsur.com\/pt\/wp-json\/tribe\/events\/v1\/categories\/59","collection":"https:\/\/fundacioncajaruraldelsur.com\/pt\/wp-json\/tribe\/events\/v1\/categories"}}],"tags":[{"name":"donaci\u00f3n","slug":"donacion","term_group":0,"term_taxonomy_id":425,"taxonomy":"post_tag","description":"","parent":0,"count":1,"filter":"raw","id":425,"urls":{"self":"https:\/\/fundacioncajaruraldelsur.com\/pt\/wp-json\/tribe\/events\/v1\/tags\/425","collection":"https:\/\/fundacioncajaruraldelsur.com\/pt\/wp-json\/tribe\/events\/v1\/tags"}},{"name":"Hospital Infanta Elena","slug":"hospital-infanta-elena","term_group":0,"term_taxonomy_id":424,"taxonomy":"post_tag","description":"","parent":0,"count":1,"filter":"raw","id":424,"urls":{"self":"https:\/\/fundacioncajaruraldelsur.com\/pt\/wp-json\/tribe\/events\/v1\/tags\/424","collection":"https:\/\/fundacioncajaruraldelsur.com\/pt\/wp-json\/tribe\/events\/v1\/tags"}},{"name":"Hospital U. Juan Ram\u00f3n Jim\u00e9nez","slug":"hospital-u-juan-ramon-jimenez","term_group":0,"term_taxonomy_id":422,"taxonomy":"post_tag","description":"","parent":0,"count":1,"filter":"raw","id":422,"urls":{"self":"https:\/\/fundacioncajaruraldelsur.com\/pt\/wp-json\/tribe\/events\/v1\/tags\/422","collection":"https:\/\/fundacioncajaruraldelsur.com\/pt\/wp-json\/tribe\/events\/v1\/tags"}},{"name":"Jos\u00e9 Luis Bonilla Romero","slug":"jose-luis-bonilla-romero","term_group":0,"term_taxonomy_id":421,"taxonomy":"post_tag","description":"","parent":0,"count":1,"filter":"raw","id":421,"urls":{"self":"https:\/\/fundacioncajaruraldelsur.com\/pt\/wp-json\/tribe\/events\/v1\/tags\/421","collection":"https:\/\/fundacioncajaruraldelsur.com\/pt\/wp-json\/tribe\/events\/v1\/tags"}},{"name":"Jos\u00e9 Luis Garcia-Palacios","slug":"jose-luis-garcia-palacios","term_group":0,"term_taxonomy_id":420,"taxonomy":"post_tag","description":"","parent":0,"count":1,"filter":"raw","id":420,"urls":{"self":"https:\/\/fundacioncajaruraldelsur.com\/pt\/wp-json\/tribe\/events\/v1\/tags\/420","collection":"https:\/\/fundacioncajaruraldelsur.com\/pt\/wp-json\/tribe\/events\/v1\/tags"}},{"name":"Julia Paloma Hergueta S\u00e1nchez","slug":"julia-paloma-hergueta-sanchez","term_group":0,"term_taxonomy_id":423,"taxonomy":"post_tag","description":"","parent":0,"count":1,"filter":"raw","id":423,"urls":{"self":"https:\/\/fundacioncajaruraldelsur.com\/pt\/wp-json\/tribe\/events\/v1\/tags\/423","collection":"https:\/\/fundacioncajaruraldelsur.com\/pt\/wp-json\/tribe\/events\/v1\/tags"}},{"name":"organos","slug":"organos","term_group":0,"term_taxonomy_id":426,"taxonomy":"post_tag","description":"","parent":0,"count":1,"filter":"raw","id":426,"urls":{"self":"https:\/\/fundacioncajaruraldelsur.com\/pt\/wp-json\/tribe\/events\/v1\/tags\/426","collection":"https:\/\/fundacioncajaruraldelsur.com\/pt\/wp-json\/tribe\/events\/v1\/tags"}}],"venue":{"id":2629,"author":"4","status":"publish","date":"2015-05-15 09:39:09","date_utc":"2015-05-15 07:39:09","modified":"2022-09-23 12:28:27","modified_utc":"2022-09-23 10:28:27","url":"https:\/\/fundacioncajaruraldelsur.com\/pt\/local\/fundacion-caja-rural-del-sur-en-huelva\/","venue":"Fundaci\u00f3n Caja Rural del Sur Huelva","slug":"fundacion-caja-rural-del-sur-en-huelva","address":"C\/ Alcalde Mora Claros 6-8","city":"Huelva","country":"Espa\u00f1a","province":"Huelva","zip":"21001","stateprovince":"Huelva","geo_lat":37.2583599,"geo_lng":-6.9535303,"json_ld":{"@type":"Place","name":"Fundaci\u00f3n Caja Rural del Sur Huelva","description":"","url":"https:\/\/fundacioncajaruraldelsur.com\/pt\/local\/fundacion-caja-rural-del-sur-en-huelva\/","address":{"@type":"PostalAddress","streetAddress":"C\/ Alcalde Mora Claros 6-8","addressLocality":"Huelva","addressRegion":"Huelva","postalCode":"21001","addressCountry":"Espa\u00f1a"},"geo":{"@type":"GeoCoordinates","latitude":37.2583599,"longitude":-6.9535303},"telephone":"","sameAs":""},"show_map":false,"show_map_link":true,"global_id":"fundacioncajaruraldelsur.com\/pt?id=2629","global_id_lineage":["fundacioncajaruraldelsur.com\/pt?id=2629"]},"organizer":[],"custom_fields":[],"json_ld":{"@context":"http:\/\/schema.org","@type":"Event","name":"Exposici\u00f3n: &#8216;Donar para emprender vida&#8217;","description":"&lt;p&gt;El pr\u00f3ximo lunes 17 de junio inauguramos la magn\u00edfica exposici\u00f3n fotogr\u00e1fica Donar para emprender vida en nuestro Centro Cultural Jos\u00e9 Luis Garc\u00eda Palacios a las 19:30 horas. El acto de [&hellip;]&lt;\/p&gt;\\n","image":"https:\/\/fundacioncajaruraldelsur.com\/wp-content\/uploads\/2019\/06\/Donar_organos.jpg","url":"https:\/\/fundacioncajaruraldelsur.com\/pt\/evento\/exposicion-donar-para-emprender-vida\/","eventAttendanceMode":"https:\/\/schema.org\/OfflineEventAttendanceMode","eventStatus":"https:\/\/schema.org\/EventScheduled","startDate":"2019-06-17T19:30:00+02:00","endDate":"2019-06-17T19:30:00+02:00","location":{"@type":"Place","name":"Fundaci\u00f3n Caja Rural del Sur Huelva","description":"","url":"https:\/\/fundacioncajaruraldelsur.com\/pt\/local\/fundacion-caja-rural-del-sur-en-huelva\/","address":{"@type":"PostalAddress","streetAddress":"C\/ Alcalde Mora Claros 6-8","addressLocality":"Huelva","addressRegion":"Huelva","postalCode":"21001","addressCountry":"Espa\u00f1a"},"geo":{"@type":"GeoCoordinates","latitude":37.2583599,"longitude":-6.9535303},"telephone":"","sameAs":""},"performer":"Organization"},"is_virtual":false,"virtual_url":null,"virtual_video_source":""}