{"id":2381,"global_id":"fundacioncajaruraldelsur.com\/pt?id=2381","global_id_lineage":["fundacioncajaruraldelsur.com\/pt?id=2381"],"author":"4","status":"publish","date":"2015-04-20 09:21:09","date_utc":"2015-04-20 09:21:09","modified":"2015-04-20 09:21:34","modified_utc":"2015-04-20 09:21:34","url":"https:\/\/fundacioncajaruraldelsur.com\/pt\/evento\/javier-iglesias-muestra-desde-este-lunes-su-obra-pictorica-en-fundacion-caja-rural-del-sur\/","rest_url":"https:\/\/fundacioncajaruraldelsur.com\/pt\/wp-json\/tribe\/events\/v1\/events\/2381","title":"JAVIER IGLESIAS MUESTRA DESDE ESTE LUNES SU OBRA PICT\u00d3RICA EN FUNDACI\u00d3N CAJA RURAL DEL SUR","description":"<h6>Javier Iglesias, pintor que inaugura su exposici\u00f3n este pr\u00f3ximo lunes en Fundaci\u00f3n Caja Rural del Sur<\/h6>\n<p><strong>La muestra se inaugurar\u00e1 a las 20:00 horas y estar\u00e1 abierta hasta el d\u00eda 16 de mayo<\/strong><\/p>\n<p>Javier Iglesias, licenciado en Bellas Artes y Profesor agregado del IES, expondr\u00e1 a partir de este pr\u00f3ximo lunes, 5 de mayo, su obra \u2018Relaciones formales\u2019 en el sal\u00f3n de actos de Caja Rural del Sur, en la calle Mora Claros, 6-8, en horario de 19:00 a 21:00 horas, dentro del ciclo de las artes pl\u00e1sticas que viene programando Fundaci\u00f3n Caja Rural del Sur. La inauguraci\u00f3n de la muestra ser\u00e1 ese mismo d\u00eda, a las 20:00 horas.<\/p>\n<p>El propio Javier Iglesias nos explica que \u201cdurante toda su vida profesional se ha dedicado a la ense\u00f1anza art\u00edstica en varias de sus facetas, ense\u00f1anzas del dibujo tanto t\u00e9cnico como art\u00edstico, as\u00ed como todas las t\u00e9cnicas pict\u00f3ricas; y tambi\u00e9n en el \u00e1mbito del dise\u00f1o asistido por ordenador, espec\u00edficamente el tratamiento de la imagen digital y el dise\u00f1o gr\u00e1fico\u201d. Reconoce que \u201ca sus 60 a\u00f1os ha decidido dejar la ense\u00f1anza para dedicarme de lleno a la actividad art\u00edstica con intenci\u00f3n de preparar una obra pl\u00e1stica que pienso comercializar a nivel profesional\u201d. Y a\u00f1ade: \u201cSi toda mi vida me he sentido pintor y he ejercido como tal, nunca he reunido una obra lo suficientemente voluminosa y coherente para hacer exposiciones peri\u00f3dicas y poder dedicarme profesionalmente a esta actividad\u201d. Desde que se dedica a ello, en el a\u00f1o 2012, es cuando comienza el cambio ya como pintor de cara al p\u00fablico y empieza a presentar sus obras en distintas exposiciones.<\/p>\n<p>Por ello, en su propia p\u00e1gina web <a href=\"http:\/\/www.javieriglesiastorreira.com\/\">www.javieriglesiastorreira.com<\/a>, el propio autor ha clasificado su trayectoria profesional en dos etapas bien distintas, la dedicada a la ense\u00f1anza, hasta el a\u00f1o 2011, que le ha denominado \u2018Retrospectiva\u2019 y la que ha iniciado desde el 2012 como pintor que ya pasa a ser considerada como \u2018Obra actual\u2019.<\/p>","excerpt":"","slug":"javier-iglesias-muestra-desde-este-lunes-su-obra-pictorica-en-fundacion-caja-rural-del-sur","image":{"url":"https:\/\/fundacioncajaruraldelsur.com\/wp-content\/uploads\/2015\/04\/140502.Javier-Iglesias-pintor-que-inaugura-su-exposici\u00f3n-este-pr\u00f3ximo-lunes-en-Fundaci\u00f3n-Caja-Rural-del-Sur-2.jpg","id":2382,"extension":"jpg","width":1112,"height":1416,"sizes":{"thumbnail":{"width":150,"height":150,"mime-type":"image\/jpeg","url":"https:\/\/fundacioncajaruraldelsur.com\/wp-content\/uploads\/2015\/04\/140502.Javier-Iglesias-pintor-que-inaugura-su-exposici\u00f3n-este-pr\u00f3ximo-lunes-en-Fundaci\u00f3n-Caja-Rural-del-Sur-2-150x150.jpg"},"medium":{"width":236,"height":300,"mime-type":"image\/jpeg","url":"https:\/\/fundacioncajaruraldelsur.com\/wp-content\/uploads\/2015\/04\/140502.Javier-Iglesias-pintor-que-inaugura-su-exposici\u00f3n-este-pr\u00f3ximo-lunes-en-Fundaci\u00f3n-Caja-Rural-del-Sur-2-236x300.jpg"},"large":{"width":804,"height":1024,"mime-type":"image\/jpeg","url":"https:\/\/fundacioncajaruraldelsur.com\/wp-content\/uploads\/2015\/04\/140502.Javier-Iglesias-pintor-que-inaugura-su-exposici\u00f3n-este-pr\u00f3ximo-lunes-en-Fundaci\u00f3n-Caja-Rural-del-Sur-2-804x1024.jpg"},"shop_thumbnail":{"width":180,"height":180,"mime-type":"image\/jpeg","url":"https:\/\/fundacioncajaruraldelsur.com\/wp-content\/uploads\/2015\/04\/140502.Javier-Iglesias-pintor-que-inaugura-su-exposici\u00f3n-este-pr\u00f3ximo-lunes-en-Fundaci\u00f3n-Caja-Rural-del-Sur-2-180x180.jpg"},"shop_catalog":{"width":300,"height":300,"mime-type":"image\/jpeg","url":"https:\/\/fundacioncajaruraldelsur.com\/wp-content\/uploads\/2015\/04\/140502.Javier-Iglesias-pintor-que-inaugura-su-exposici\u00f3n-este-pr\u00f3ximo-lunes-en-Fundaci\u00f3n-Caja-Rural-del-Sur-2-300x300.jpg"},"shop_single":{"width":600,"height":600,"mime-type":"image\/jpeg","url":"https:\/\/fundacioncajaruraldelsur.com\/wp-content\/uploads\/2015\/04\/140502.Javier-Iglesias-pintor-que-inaugura-su-exposici\u00f3n-este-pr\u00f3ximo-lunes-en-Fundaci\u00f3n-Caja-Rural-del-Sur-2-600x600.jpg"},"blog-thumbnail":{"width":400,"height":200,"mime-type":"image\/jpeg","url":"https:\/\/fundacioncajaruraldelsur.com\/wp-content\/uploads\/2015\/04\/140502.Javier-Iglesias-pintor-que-inaugura-su-exposici\u00f3n-este-pr\u00f3ximo-lunes-en-Fundaci\u00f3n-Caja-Rural-del-Sur-2-400x200.jpg"}}},"all_day":false,"start_date":"2014-05-05 08:00:00","start_date_details":{"year":"2014","month":"05","day":"05","hour":"08","minutes":"00","seconds":"00"},"end_date":"2014-05-16 17:00:00","end_date_details":{"year":"2014","month":"05","day":"16","hour":"17","minutes":"00","seconds":"00"},"utc_start_date":"2014-05-05 05:00:00","utc_start_date_details":{"year":"2014","month":"05","day":"05","hour":"05","minutes":"00","seconds":"00"},"utc_end_date":"2014-05-16 14:00:00","utc_end_date_details":{"year":"2014","month":"05","day":"16","hour":"14","minutes":"00","seconds":"00"},"timezone":"UTC+2","timezone_abbr":"UTC+2","cost":"","cost_details":{"currency_symbol":"\u20ac","currency_code":"","currency_position":"prefix","values":[]},"website":"","show_map":true,"show_map_link":true,"hide_from_listings":false,"sticky":false,"featured":false,"categories":[{"name":"Exposiciones","slug":"exposiciones","term_group":0,"term_taxonomy_id":62,"taxonomy":"tribe_events_cat","description":"","parent":0,"count":54,"filter":"raw","id":62,"urls":{"self":"https:\/\/fundacioncajaruraldelsur.com\/pt\/wp-json\/tribe\/events\/v1\/categories\/62","collection":"https:\/\/fundacioncajaruraldelsur.com\/pt\/wp-json\/tribe\/events\/v1\/categories"}}],"tags":[],"venue":[],"organizer":[],"custom_fields":[],"json_ld":{"@context":"http:\/\/schema.org","@type":"Event","name":"JAVIER IGLESIAS MUESTRA DESDE ESTE LUNES SU OBRA PICT\u00d3RICA EN FUNDACI\u00d3N CAJA RURAL DEL SUR","description":"&lt;p&gt;Javier Iglesias, pintor que inaugura su exposici\u00f3n este pr\u00f3ximo lunes en Fundaci\u00f3n Caja Rural del Sur La muestra se inaugurar\u00e1 a las 20:00 horas y estar\u00e1 abierta hasta el d\u00eda [&hellip;]&lt;\/p&gt;\\n","image":"https:\/\/fundacioncajaruraldelsur.com\/wp-content\/uploads\/2015\/04\/140502.Javier-Iglesias-pintor-que-inaugura-su-exposici\u00f3n-este-pr\u00f3ximo-lunes-en-Fundaci\u00f3n-Caja-Rural-del-Sur-2.jpg","url":"https:\/\/fundacioncajaruraldelsur.com\/pt\/evento\/javier-iglesias-muestra-desde-este-lunes-su-obra-pictorica-en-fundacion-caja-rural-del-sur\/","eventAttendanceMode":"https:\/\/schema.org\/OfflineEventAttendanceMode","eventStatus":"https:\/\/schema.org\/EventScheduled","startDate":"2014-05-05T08:00:00+02:00","endDate":"2014-05-16T17:00:00+02:00","performer":"Organization"},"is_virtual":false,"virtual_url":null,"virtual_video_source":""}