{"id":10209,"global_id":"fundacioncajaruraldelsur.com\/pt?id=10209","global_id_lineage":["fundacioncajaruraldelsur.com\/pt?id=10209"],"author":"8","status":"publish","date":"2024-06-17 12:03:17","date_utc":"2024-06-17 11:03:17","modified":"2024-06-17 12:03:17","modified_utc":"2024-06-17 11:03:17","url":"https:\/\/fundacioncajaruraldelsur.com\/pt\/evento\/la-mirada-economica-cooperativismo-de-credito-un-modelo-de-exito-jose-luis-garcia-palacios\/","rest_url":"https:\/\/fundacioncajaruraldelsur.com\/pt\/wp-json\/tribe\/events\/v1\/events\/10209","title":"La Mirada Econ\u00f3mica: \u00abCooperativismo de cr\u00e9dito, un modelo de \u00e9xito\u00bb, Jos\u00e9 Luis Garc\u00eda-Palacios","description":"<p><a href=\"\/wp-content\/uploads\/2024\/06\/MEDIA_CORDOBA_26_JUNIO-scaled.jpg\" rel=\"lightbox-0\"><img loading=\"lazy\" decoding=\"async\" class=\"alignnone size-full wp-image-10210\" src=\"\/wp-content\/uploads\/2024\/06\/MEDIA_CORDOBA_26_JUNIO-scaled.jpg\" alt=\"\" width=\"2560\" height=\"1699\" srcset=\"https:\/\/fundacioncajaruraldelsur.com\/wp-content\/uploads\/2024\/06\/MEDIA_CORDOBA_26_JUNIO-scaled.jpg 2560w, https:\/\/fundacioncajaruraldelsur.com\/wp-content\/uploads\/2024\/06\/MEDIA_CORDOBA_26_JUNIO-300x199.jpg 300w, https:\/\/fundacioncajaruraldelsur.com\/wp-content\/uploads\/2024\/06\/MEDIA_CORDOBA_26_JUNIO-1024x680.jpg 1024w, https:\/\/fundacioncajaruraldelsur.com\/wp-content\/uploads\/2024\/06\/MEDIA_CORDOBA_26_JUNIO-768x510.jpg 768w, https:\/\/fundacioncajaruraldelsur.com\/wp-content\/uploads\/2024\/06\/MEDIA_CORDOBA_26_JUNIO-1536x1020.jpg 1536w, https:\/\/fundacioncajaruraldelsur.com\/wp-content\/uploads\/2024\/06\/MEDIA_CORDOBA_26_JUNIO-2048x1360.jpg 2048w\" sizes=\"auto, (max-width: 2560px) 100vw, 2560px\" \/><\/a><\/p>","excerpt":"","slug":"la-mirada-economica-cooperativismo-de-credito-un-modelo-de-exito-jose-luis-garcia-palacios","image":false,"all_day":false,"start_date":"2024-06-26 09:30:00","start_date_details":{"year":"2024","month":"06","day":"26","hour":"09","minutes":"30","seconds":"00"},"end_date":"2024-06-26 17:00:00","end_date_details":{"year":"2024","month":"06","day":"26","hour":"17","minutes":"00","seconds":"00"},"utc_start_date":"2024-06-26 07:30:00","utc_start_date_details":{"year":"2024","month":"06","day":"26","hour":"07","minutes":"30","seconds":"00"},"utc_end_date":"2024-06-26 15:00:00","utc_end_date_details":{"year":"2024","month":"06","day":"26","hour":"15","minutes":"00","seconds":"00"},"timezone":"UTC+1","timezone_abbr":"UTC+1","cost":"","cost_details":{"currency_symbol":"\u20ac","currency_code":"USD\t\t\t\t\t\t\tclass=","currency_position":"prefix","values":[]},"website":"","show_map":true,"show_map_link":true,"hide_from_listings":false,"sticky":false,"featured":false,"categories":[{"name":"conferencias","slug":"conferencias","term_group":0,"term_taxonomy_id":59,"taxonomy":"tribe_events_cat","description":"","parent":0,"count":125,"filter":"raw","id":59,"urls":{"self":"https:\/\/fundacioncajaruraldelsur.com\/pt\/wp-json\/tribe\/events\/v1\/categories\/59","collection":"https:\/\/fundacioncajaruraldelsur.com\/pt\/wp-json\/tribe\/events\/v1\/categories"}}],"tags":[],"venue":{"id":6944,"author":"6","status":"publish","date":"2021-11-25 11:54:44","date_utc":"2021-11-25 09:54:44","modified":"2021-11-25 11:54:44","modified_utc":"2021-11-25 09:54:44","url":"https:\/\/fundacioncajaruraldelsur.com\/pt\/local\/fundacion-caja-rural-del-sur-cordoba\/","venue":"Fundaci\u00f3n Caja Rural del Sur C\u00f3rdoba","slug":"fundacion-caja-rural-del-sur-cordoba","address":"calle de la Radio 1","city":"C\u00f3rdoba","country":"Espa\u00f1a","province":"C\u00f3rdoba","zip":"14006","stateprovince":"C\u00f3rdoba","json_ld":{"@type":"Place","name":"Fundaci\u00f3n Caja Rural del Sur C\u00f3rdoba","description":"","url":"https:\/\/fundacioncajaruraldelsur.com\/pt\/local\/fundacion-caja-rural-del-sur-cordoba\/","address":{"@type":"PostalAddress","streetAddress":"calle de la Radio 1","addressLocality":"C\u00f3rdoba","addressRegion":"C\u00f3rdoba","postalCode":"14006","addressCountry":"Espa\u00f1a"},"telephone":"","sameAs":""},"show_map":true,"show_map_link":true,"global_id":"fundacioncajaruraldelsur.com\/pt?id=6944","global_id_lineage":["fundacioncajaruraldelsur.com\/pt?id=6944"]},"organizer":[],"custom_fields":[],"json_ld":{"@context":"http:\/\/schema.org","@type":"Event","name":"La Mirada Econ\u00f3mica: \u00abCooperativismo de cr\u00e9dito, un modelo de \u00e9xito\u00bb, Jos\u00e9 Luis Garc\u00eda-Palacios","description":"","url":"https:\/\/fundacioncajaruraldelsur.com\/pt\/evento\/la-mirada-economica-cooperativismo-de-credito-un-modelo-de-exito-jose-luis-garcia-palacios\/","eventAttendanceMode":"https:\/\/schema.org\/OfflineEventAttendanceMode","eventStatus":"https:\/\/schema.org\/EventScheduled","startDate":"2024-06-26T09:30:00+01:00","endDate":"2024-06-26T17:00:00+01:00","location":{"@type":"Place","name":"Fundaci\u00f3n Caja Rural del Sur C\u00f3rdoba","description":"","url":"https:\/\/fundacioncajaruraldelsur.com\/pt\/local\/fundacion-caja-rural-del-sur-cordoba\/","address":{"@type":"PostalAddress","streetAddress":"calle de la Radio 1","addressLocality":"C\u00f3rdoba","addressRegion":"C\u00f3rdoba","postalCode":"14006","addressCountry":"Espa\u00f1a"},"telephone":"","sameAs":""},"performer":"Organization"},"is_virtual":false,"virtual_url":null,"virtual_video_source":""}